{"id":3849,"date":"2011-10-29T08:15:46","date_gmt":"2011-10-29T08:15:46","guid":{"rendered":"http:\/\/www.totemguard.com\/aulatotem\/?p=3849"},"modified":"2026-06-14T14:43:42","modified_gmt":"2026-06-14T13:43:42","slug":"mapa-conceptual-recursos-tic-para-desarrollar-las-inteligencias-multiples-de-howard-gardner","status":"publish","type":"post","link":"https:\/\/www.totemguard.com\/aulatotem\/2011\/10\/mapa-conceptual-recursos-tic-para-desarrollar-las-inteligencias-multiples-de-howard-gardner\/","title":{"rendered":"Mapa mental: Recursos tic para desarrollar las inteligencias m\u00faltiples de Howard Gardner"},"content":{"rendered":"<p><strong>\u00bfQui\u00e9n es m\u00e1s inteligente Einstein o <strong>Messi<\/strong>? o \u00bfQui\u00e9n es m\u00e1s inteligente Dalai Lama o Mozart?<\/strong> Los cuatro poseen inteligencias excepcionales que pertenecen a campos diferentes y que se han desarrollado en diferentes partes del cerebro.<\/p>\n<p>El profesor Howard Gardner, autor de la <strong>teor\u00eda de las inteligencias m\u00faltiples<\/strong>, ha sido galardonado a lo largo de los a\u00f1os con m\u00faltiples premios, lo que me ha motivado a plantear estas preguntas y especialmente, a pensar si la tecnolog\u00eda puede colaborar en el desarrollo de estas inteligencias.<\/p>\n<p>La teor\u00eda de las inteligencias m\u00faltiples se basa en que <strong>todos los humanos poseemos al menos ocho formas de inteligencia<\/strong>, que por loter\u00eda gen\u00e9tica, se presentan en distintos estados de desarrollo cuando nacemos. Gardner remarca que l<strong>a brillantez en matem\u00e1ticas o lengua<\/strong>, las inteligencias m\u00e1s favorecidas en el sistema educativo tradicional, <strong>no son suficientes para desenvolverse en la vida<\/strong>.<\/p>\n<p>Dicho de otro modo, puedes ser excelente en c\u00e1lculo mental pero si no sabes c\u00f3mo relacionarte con los dem\u00e1s, estar\u00e1s limitado en tu carrera profesional y personal. De ah\u00ed, la importancia que los centros educativos trabajen el desarrollo de todas las inteligencias para que el alumno pueda afrontar su futuro con muchos recursos.<\/p>\n<p>Gardner define <strong>la inteligencia como una capacidad, que no es innata e inamovible, <\/strong>como muchas veces se piensa<strong>, sino que la educaci\u00f3n puede desarrollarla. <\/strong><\/p>\n<p>Teniendo en cuenta, que la tecnolog\u00eda no debe marcar las metas educativas, pero s\u00ed puede ayudar a conseguirlas, he elaborado<strong> un mapa mental que pretender agrupar y relacionar recursos TIC con cada una de las ocho inteligencias de Howard Gardner<\/strong>:<strong><br \/><\/strong><\/p>\n<ul>\n<li><strong>Ling\u00fc\u00edstica<\/strong>: Esta inteligencia consiste en la capacidad de usar el lenguaje para expresarse, ya sea a trav\u00e9s de la escritura o oralmente, as\u00ed como aprender idiomas con facilidad. <span style=\"color: #333399;\">P\u00e9rfil profesional:<\/span> Escritores, poetas y pol\u00edticos. <span style=\"color: #333399;\">Un ejemplo excepcional:<\/span> Shakespeare<\/li>\n<\/ul>\n<ul>\n<li><strong>L\u00f3gica-Matem\u00e1tica<\/strong>: Esta inteligencia consiste en la capacidad de analizar problemas de forma l\u00f3gica, realizar operaciones matem\u00e1ticas e investigar temas de forma cient\u00edfica.\u00a0 <span style=\"color: #333399;\">P\u00e9rfil profesional:<\/span> Ingenieros y cient\u00edficos. <span style=\"color: #333399;\">Un ejemplo excepcional:<\/span> Einstein.<\/li>\n<\/ul>\n<ul>\n<li><strong>Musical<\/strong>: Consiste en la capacidad de tocar, componer y apreciar piezas musicales y reconocer los ritmos y tonos. Seg\u00fan Gardner, esta inteligencia funciona de forma paralela con la inteligencia ling\u00fc\u00edstica. <span style=\"color: #333399;\">P\u00e9rfil profesional:<\/span> M\u00fasicos y compositores. <span style=\"color: #333399;\">Un ejemplo excepcional:<\/span> Mozart.<\/li>\n<\/ul>\n<ul>\n<li><strong>Espacial:<\/strong> Consiste en la capacidad de presentar ideas visualmente, crear im\u00e1genes mentales, visualizar con precisi\u00f3n, dibujar y confeccionar bocetos. <span style=\"color: #333399;\">P\u00e9rfil profesional:<\/span> Arquitectos, escultores, fot\u00f3grafos y dise\u00f1adores. <span style=\"color: #333399;\">Un ejemplo excepcional:<\/span> Gaud\u00ed.<\/li>\n<\/ul>\n<ul>\n<li><strong>Corporal-Cin\u00e9tica:<\/strong> Consiste en la capacidad para realizar actividades que requieren fuerza, rapidez, flexibilidad, coordinaci\u00f3n \u00f3culo-manual y equilibrio. Tambi\u00e9n se incluyen trabajos manuales o expresi\u00f3n corporal. <span style=\"color: #333399;\">P\u00e9rfil profesional:<\/span> Deportistas, bailarines y cirujanos. <span style=\"color: #333399;\">Un ejemplo excepcional:<\/span> Messi o Nadia Comaneci.<\/li>\n<\/ul>\n<ul>\n<li><strong>Interpersonal:<\/strong> Consiste en la capacidad de entender las intenciones, motivaciones y deseos de otras personas. Permite trabajar y relacionarse de forma efectiva con los dem\u00e1s. <span style=\"color: #333399;\">P\u00e9rfil profesional:<\/span> Docentes, psic\u00f3logos y pol\u00edticos. <span style=\"color: #333399;\">Un ejemplo<\/span> <span style=\"color: #333399;\">excepcional<\/span>: Barack Obama.<\/li>\n<\/ul>\n<ul>\n<li style=\"color: #333399;\"><span style=\"color: #333333;\"><strong>Intrapersonal:<\/strong><\/span> <span style=\"color: #333333;\">Consiste en la capacidad de entenderse a uno mismo, y apreciar las motivaciones, los sentimientos y los miedos que se sienten. Implica crear un modelo de nosotros mismos que funcione para trabajar de forma efectiva y poder regular nuestras vidas.<\/span>\u00a0<span style=\"color: #333399;\">Un ejemplo excepcional:<\/span> <span style=\"color: #333333;\">Dalai Lama<\/span><\/li>\n<\/ul>\n<ul>\n<li><strong>Naturalista<\/strong>: Consiste\u00a0 en la capacidad de observar, identificar y clasificar a los miembros de un grupo o especie, e incluso para descubrir nuevas especies. Su campo de observaci\u00f3n m\u00e1s af\u00edn es el mundo natural, donde pueden reconocer e investigar sobre la flora y la fauna. <span style=\"color: #333399;\">P\u00e9rfil profesional<\/span>: Bi\u00f3logos, veterinarios y excursionistas. <span style=\"color: #333399;\">Un ejemplo excepcional:<\/span> Felix Rodr\u00edguez de la Fuente.<\/li>\n<\/ul>\n<p><span style=\"color: #000000;\"><strong>Mapa Mental: Recursos TIC para desarrollar las inteligencias m\u00faltiples de Howard Gardner. <\/strong><\/span>(Para agrandar este mapa, pulsa en la imagen abajo y una vez abierto, vuelve a clicar sobre \u00e9l para explorarlo en una mayor dimensi\u00f3n).<\/p>\n<figure style=\"width: 951px\" class=\"wp-caption aligncenter\"><img loading=\"lazy\" decoding=\"async\" class=\" \" title=\"Mapa Conceptual: Recursos TIC para desarrollar las inteligencias m\u00faltiples de Howard Gardner\" src=\"https:\/\/www.totemguard.com\/aulatotem\/images\/Mapa_Conceptual_Howard_Gardner_recursostic.png\" alt=\"inteligencias-multiples-mapa-mental-tecnolog\u00eda-recursos-tic\" width=\"951\" height=\"854\" \/><figcaption class=\"wp-caption-text\">Mapa Mental: Recursos TIC para desarrollar las inteligencias m\u00faltiples de Howard Gardner por Meritxell Vi\u00f1as (Academy TotemGuard)<\/figcaption><\/figure>\n<p>Un profesor hace poco comentaba en su blog que un alumno en clase con una inteligencia l\u00f3gica-matem\u00e1tica predominante se ve\u00eda incapaz de leer un libro. El profesor, entendiendo como este alumno aprend\u00eda mejor, le recomend\u00f3 un libro de misterio.<\/p>\n<p>El alumno qued\u00f3 cautivado con esta lectura al incluir un elemento de deducci\u00f3n y l\u00f3gica. No todos aprendemos igual y \u00e9ste es un buen ejemplo de c\u00f3mo aplicar la teor\u00eda de las inteligencias m\u00faltiples atendiendo a las capacidades individuales de nuestros alumnos.<\/p>\n\n\n<div style=\"height:20px\" aria-hidden=\"true\" class=\"wp-block-spacer\"><\/div>\n\n\n\n<p class=\"wp-block-paragraph\">\u00bfReconoces estas inteligencias en tus alumnos? \u00bfPiensas que la tecnolog\u00eda puede ayudar a desarrollarlas? \u00bfQu\u00e9 inteligencia te parece m\u00e1s importante para el futuro de un estudiante? Puedes dejarme un comentario debajo.<\/p>\n\n\n\n<div style=\"height:20px\" aria-hidden=\"true\" class=\"wp-block-spacer\"><\/div>\n\n<div style=\"background-color: #f0ede4; padding: 24px; border-radius: 8px; color: #675b43; margin: 32px 0;\">\n<p>\ud83d\ude80 \u00bfTe cuesta aprovechar la IA en tu pr\u00e1ctica educativa? \u00danete a 9.000+ profesionales de la educaci\u00f3n y recibe cada semana estrategias pr\u00e1cticas, herramientas probadas y contenido \u00fatil de verdad. Investigaciones, encuestas y secciones \u00fanicas que no encontrar\u00e1s en ning\u00fan otro bolet\u00edn. S\u00f3lo 5 minutos de lectura, explicaciones claras y cero tecnicismos innecesarios.<\/p>\n<p><strong><a style=\"color: #386e8d;\" href=\"https:\/\/academy.totemguard.com\/?utm_source=blog&#038;utm_medium=cta_inline&#038;utm_campaign=newsletter&#038;utm_content=mapa-conceptual-recursos-tic-para-desarrollar-las-inteligencias-multiples-de-howard-gardner\" target=\"_blank\" rel=\"noopener noreferrer\">Suscr\u00edbete a TotemAI<\/a><\/strong><\/p>\n<\/div>\n\n\n","protected":false},"excerpt":{"rendered":"<p>\u00bfQui\u00e9n es m\u00e1s inteligente Einstein o Messi? o \u00bfQui\u00e9n es m\u00e1s inteligente Dalai Lama o Mozart? Los cuatro poseen inteligencias excepcionales que pertenecen a campos diferentes y que se han desarrollado en diferentes partes del cerebro. El profesor Howard Gardner, autor de la teor\u00eda de las inteligencias m\u00faltiples, ha sido galardonado a lo largo de [&hellip;]<\/p>\n","protected":false},"author":2,"featured_media":13405,"comment_status":"open","ping_status":"open","sticky":false,"template":"","format":"standard","meta":{"_jetpack_newsletter_access":"","_jetpack_dont_email_post_to_subs":false,"_jetpack_newsletter_tier_id":0,"_jetpack_memberships_contains_paywalled_content":false,"_jetpack_feature_clip_id":0,"_jetpack_memberships_contains_paid_content":false,"footnotes":"","jetpack_post_was_ever_published":false},"categories":[13,21,19],"tags":[],"class_list":["post-3849","post","type-post","status-publish","format-standard","has-post-thumbnail","hentry","category-herramientas-web","category-tecnologia","category-redes-sociales"],"aioseo_notices":[],"aioseo_head":"\n\t\t<!-- All in One SEO 5.0.1.1 - aioseo.com -->\n\t<meta name=\"description\" content=\"Mapa conceptual que agrupa recursos tic con cada una de las inteligencias m\u00faltiples de Howard Gardner: ling\u00fcistica, matem\u00e1tica, espacial, musical, visual, cin\u00e9tica, interpersonal, intrapersonal y naturalista.\" \/>\n\t<meta name=\"robots\" content=\"max-image-preview:large\" \/>\n\t<meta name=\"author\" content=\"Meritxell Vi\u00f1as\"\/>\n\t<meta name=\"keywords\" content=\"howard gardner,tecnolog\u00eda y inteligencias m\u00faltiples,recursos tic y inteligencias m\u00faltiples\" \/>\n\t<link rel=\"canonical\" href=\"https:\/\/www.totemguard.com\/aulatotem\/2011\/10\/mapa-conceptual-recursos-tic-para-desarrollar-las-inteligencias-multiples-de-howard-gardner\/\" \/>\n\t<meta name=\"generator\" content=\"All in One SEO (AIOSEO) 5.0.1.1\" \/>\n\t\t<meta property=\"og:locale\" content=\"es_ES\" \/>\n\t\t<meta property=\"og:site_name\" content=\"Tecnolog\u00eda Educativa e IA\" \/>\n\t\t<meta property=\"og:type\" content=\"article\" \/>\n\t\t<meta property=\"og:title\" content=\"Recursos tic para desarrollar las inteligencias m\u00faltiples de Howard Gardner | Tecnolog\u00eda Educativa e IA\" \/>\n\t\t<meta property=\"og:description\" content=\"Mapa conceptual que agrupa recursos tic con cada una de las inteligencias m\u00faltiples de Howard Gardner: ling\u00fcistica, matem\u00e1tica, espacial, musical, visual, cin\u00e9tica, interpersonal, intrapersonal y naturalista.\" \/>\n\t\t<meta property=\"og:url\" content=\"https:\/\/www.totemguard.com\/aulatotem\/2011\/10\/mapa-conceptual-recursos-tic-para-desarrollar-las-inteligencias-multiples-de-howard-gardner\/\" \/>\n\t\t<meta property=\"fb:admins\" content=\"100000126663369\" \/>\n\t\t<meta property=\"og:image\" content=\"https:\/\/www.totemguard.com\/aulatotem\/wp-content\/uploads\/2011\/10\/Depositphotos_5926912_xs.jpg\" \/>\n\t\t<meta property=\"og:image:secure_url\" content=\"https:\/\/www.totemguard.com\/aulatotem\/wp-content\/uploads\/2011\/10\/Depositphotos_5926912_xs.jpg\" \/>\n\t\t<meta property=\"og:image:width\" content=\"424\" \/>\n\t\t<meta property=\"og:image:height\" content=\"283\" \/>\n\t\t<meta property=\"article:tag\" content=\"howard gardner\" \/>\n\t\t<meta property=\"article:tag\" content=\"tecnolog\u00eda y inteligencias m\u00faltiples\" \/>\n\t\t<meta property=\"article:tag\" content=\"recursos tic y inteligencias m\u00faltiples\" \/>\n\t\t<meta property=\"article:tag\" content=\"herramientas web\" \/>\n\t\t<meta property=\"article:tag\" content=\"recursos tic\" \/>\n\t\t<meta property=\"article:tag\" content=\"redes sociales\" \/>\n\t\t<meta property=\"article:published_time\" content=\"2011-10-29T08:15:46+00:00\" \/>\n\t\t<meta property=\"article:modified_time\" content=\"2026-06-14T13:43:42+00:00\" \/>\n\t\t<meta property=\"article:publisher\" content=\"https:\/\/www.facebook.com\/totemguard\" \/>\n\t\t<meta property=\"article:author\" content=\"https:\/\/www.facebook.com\/totemguard\/\" \/>\n\t\t<meta name=\"twitter:card\" content=\"summary_large_image\" \/>\n\t\t<meta name=\"twitter:site\" content=\"@totemguard\" \/>\n\t\t<meta name=\"twitter:title\" content=\"Recursos tic para desarrollar las inteligencias m\u00faltiples de Howard Gardner | Tecnolog\u00eda Educativa e IA\" \/>\n\t\t<meta name=\"twitter:description\" content=\"Mapa conceptual que agrupa recursos tic con cada una de las inteligencias m\u00faltiples de Howard Gardner: ling\u00fcistica, matem\u00e1tica, espacial, musical, visual, cin\u00e9tica, interpersonal, intrapersonal y naturalista.\" \/>\n\t\t<meta name=\"twitter:creator\" content=\"@totemguard\" \/>\n\t\t<meta name=\"twitter:image\" content=\"https:\/\/www.totemguard.com\/aulatotem\/wp-content\/uploads\/2011\/10\/Depositphotos_5926912_xs.jpg\" \/>\n\t\t<script type=\"application\/ld+json\" class=\"aioseo-schema\">\n\t\t\t{\"@context\":\"https:\\\/\\\/schema.org\",\"@graph\":[{\"@type\":\"BlogPosting\",\"@id\":\"https:\\\/\\\/www.totemguard.com\\\/aulatotem\\\/2011\\\/10\\\/mapa-conceptual-recursos-tic-para-desarrollar-las-inteligencias-multiples-de-howard-gardner\\\/#blogposting\",\"name\":\"Recursos tic para desarrollar las inteligencias m\\u00faltiples de Howard Gardner | Tecnolog\\u00eda Educativa e IA\",\"headline\":\"Mapa mental: Recursos tic para desarrollar las inteligencias m\\u00faltiples de Howard Gardner\",\"author\":{\"@id\":\"https:\\\/\\\/www.totemguard.com\\\/aulatotem\\\/author\\\/meritxell-vinas\\\/#author\"},\"publisher\":{\"@id\":\"https:\\\/\\\/www.totemguard.com\\\/aulatotem\\\/#person\"},\"image\":{\"@type\":\"ImageObject\",\"url\":\"https:\\\/\\\/www.totemguard.com\\\/aulatotem\\\/wp-content\\\/uploads\\\/2011\\\/10\\\/Depositphotos_5926912_xs.jpg\",\"width\":424,\"height\":283,\"caption\":\"inteligencias m\\u00faltiples y recursos tic\"},\"datePublished\":\"2011-10-29T08:15:46+01:00\",\"dateModified\":\"2026-06-14T14:43:42+01:00\",\"inLanguage\":\"es-ES\",\"commentCount\":51,\"mainEntityOfPage\":{\"@id\":\"https:\\\/\\\/www.totemguard.com\\\/aulatotem\\\/2011\\\/10\\\/mapa-conceptual-recursos-tic-para-desarrollar-las-inteligencias-multiples-de-howard-gardner\\\/#webpage\"},\"isPartOf\":{\"@id\":\"https:\\\/\\\/www.totemguard.com\\\/aulatotem\\\/2011\\\/10\\\/mapa-conceptual-recursos-tic-para-desarrollar-las-inteligencias-multiples-de-howard-gardner\\\/#webpage\"},\"articleSection\":\"Herramientas Web, Recursos TIC, Redes Sociales\"},{\"@type\":\"BreadcrumbList\",\"@id\":\"https:\\\/\\\/www.totemguard.com\\\/aulatotem\\\/2011\\\/10\\\/mapa-conceptual-recursos-tic-para-desarrollar-las-inteligencias-multiples-de-howard-gardner\\\/#breadcrumblist\",\"itemListElement\":[{\"@type\":\"ListItem\",\"@id\":\"https:\\\/\\\/www.totemguard.com\\\/aulatotem#listItem\",\"position\":1,\"name\":\"Home\",\"item\":\"https:\\\/\\\/www.totemguard.com\\\/aulatotem\",\"nextItem\":{\"@type\":\"ListItem\",\"@id\":\"https:\\\/\\\/www.totemguard.com\\\/aulatotem\\\/category\\\/herramientas-web\\\/#listItem\",\"name\":\"Herramientas Web\"}},{\"@type\":\"ListItem\",\"@id\":\"https:\\\/\\\/www.totemguard.com\\\/aulatotem\\\/category\\\/herramientas-web\\\/#listItem\",\"position\":2,\"name\":\"Herramientas Web\",\"item\":\"https:\\\/\\\/www.totemguard.com\\\/aulatotem\\\/category\\\/herramientas-web\\\/\",\"nextItem\":{\"@type\":\"ListItem\",\"@id\":\"https:\\\/\\\/www.totemguard.com\\\/aulatotem\\\/2011\\\/10\\\/mapa-conceptual-recursos-tic-para-desarrollar-las-inteligencias-multiples-de-howard-gardner\\\/#listItem\",\"name\":\"Mapa mental: Recursos tic para desarrollar las inteligencias m\\u00faltiples de Howard Gardner\"},\"previousItem\":{\"@type\":\"ListItem\",\"@id\":\"https:\\\/\\\/www.totemguard.com\\\/aulatotem#listItem\",\"name\":\"Home\"}},{\"@type\":\"ListItem\",\"@id\":\"https:\\\/\\\/www.totemguard.com\\\/aulatotem\\\/2011\\\/10\\\/mapa-conceptual-recursos-tic-para-desarrollar-las-inteligencias-multiples-de-howard-gardner\\\/#listItem\",\"position\":3,\"name\":\"Mapa mental: Recursos tic para desarrollar las inteligencias m\\u00faltiples de Howard Gardner\",\"previousItem\":{\"@type\":\"ListItem\",\"@id\":\"https:\\\/\\\/www.totemguard.com\\\/aulatotem\\\/category\\\/herramientas-web\\\/#listItem\",\"name\":\"Herramientas Web\"}}]},{\"@type\":\"Person\",\"@id\":\"https:\\\/\\\/www.totemguard.com\\\/aulatotem\\\/#person\",\"name\":\"Meritxell Vi\\u00f1as\",\"image\":{\"@type\":\"ImageObject\",\"@id\":\"https:\\\/\\\/www.totemguard.com\\\/aulatotem\\\/2011\\\/10\\\/mapa-conceptual-recursos-tic-para-desarrollar-las-inteligencias-multiples-de-howard-gardner\\\/#personImage\",\"url\":\"https:\\\/\\\/secure.gravatar.com\\\/avatar\\\/2b983f8c6839332c280a9e339771b549ddffde7b4001872bc34a521d7a8eaef6?s=96&d=mm&r=g\",\"width\":96,\"height\":96,\"caption\":\"Meritxell Vi\\u00f1as\"},\"sameAs\":[\"https:\\\/\\\/www.facebook.com\\\/totemguard\\\/\",\"https:\\\/\\\/twitter.com\\\/totemguard\",\"https:\\\/\\\/instagram.com\\\/totemguard\",\"https:\\\/\\\/www.youtube.com\\\/@totemguard\",\"https:\\\/\\\/www.linkedin.com\\\/in\\\/meritxellvinaspinto\\\/\"]},{\"@type\":\"Person\",\"@id\":\"https:\\\/\\\/www.totemguard.com\\\/aulatotem\\\/author\\\/meritxell-vinas\\\/#author\",\"url\":\"https:\\\/\\\/www.totemguard.com\\\/aulatotem\\\/author\\\/meritxell-vinas\\\/\",\"name\":\"Meritxell Vi\\u00f1as\",\"image\":{\"@type\":\"ImageObject\",\"@id\":\"https:\\\/\\\/www.totemguard.com\\\/aulatotem\\\/2011\\\/10\\\/mapa-conceptual-recursos-tic-para-desarrollar-las-inteligencias-multiples-de-howard-gardner\\\/#authorImage\",\"url\":\"https:\\\/\\\/secure.gravatar.com\\\/avatar\\\/2b983f8c6839332c280a9e339771b549ddffde7b4001872bc34a521d7a8eaef6?s=96&d=mm&r=g\",\"width\":96,\"height\":96,\"caption\":\"Meritxell Vi\\u00f1as\"},\"sameAs\":[\"https:\\\/\\\/www.facebook.com\\\/totemguard\\\/\",\"https:\\\/\\\/twitter.com\\\/totemguard\",\"https:\\\/\\\/instagram.com\\\/totemguard\",\"https:\\\/\\\/www.youtube.com\\\/@totemguard\",\"https:\\\/\\\/www.linkedin.com\\\/in\\\/meritxellvinaspinto\\\/\"]},{\"@type\":\"WebPage\",\"@id\":\"https:\\\/\\\/www.totemguard.com\\\/aulatotem\\\/2011\\\/10\\\/mapa-conceptual-recursos-tic-para-desarrollar-las-inteligencias-multiples-de-howard-gardner\\\/#webpage\",\"url\":\"https:\\\/\\\/www.totemguard.com\\\/aulatotem\\\/2011\\\/10\\\/mapa-conceptual-recursos-tic-para-desarrollar-las-inteligencias-multiples-de-howard-gardner\\\/\",\"name\":\"Recursos tic para desarrollar las inteligencias m\\u00faltiples de Howard Gardner | Tecnolog\\u00eda Educativa e IA\",\"description\":\"Mapa conceptual que agrupa recursos tic con cada una de las inteligencias m\\u00faltiples de Howard Gardner: ling\\u00fcistica, matem\\u00e1tica, espacial, musical, visual, cin\\u00e9tica, interpersonal, intrapersonal y naturalista.\",\"inLanguage\":\"es-ES\",\"isPartOf\":{\"@id\":\"https:\\\/\\\/www.totemguard.com\\\/aulatotem\\\/#website\"},\"breadcrumb\":{\"@id\":\"https:\\\/\\\/www.totemguard.com\\\/aulatotem\\\/2011\\\/10\\\/mapa-conceptual-recursos-tic-para-desarrollar-las-inteligencias-multiples-de-howard-gardner\\\/#breadcrumblist\"},\"author\":{\"@id\":\"https:\\\/\\\/www.totemguard.com\\\/aulatotem\\\/author\\\/meritxell-vinas\\\/#author\"},\"creator\":{\"@id\":\"https:\\\/\\\/www.totemguard.com\\\/aulatotem\\\/author\\\/meritxell-vinas\\\/#author\"},\"image\":{\"@type\":\"ImageObject\",\"url\":\"https:\\\/\\\/www.totemguard.com\\\/aulatotem\\\/wp-content\\\/uploads\\\/2011\\\/10\\\/Depositphotos_5926912_xs.jpg\",\"@id\":\"https:\\\/\\\/www.totemguard.com\\\/aulatotem\\\/2011\\\/10\\\/mapa-conceptual-recursos-tic-para-desarrollar-las-inteligencias-multiples-de-howard-gardner\\\/#mainImage\",\"width\":424,\"height\":283,\"caption\":\"inteligencias m\\u00faltiples y recursos tic\"},\"primaryImageOfPage\":{\"@id\":\"https:\\\/\\\/www.totemguard.com\\\/aulatotem\\\/2011\\\/10\\\/mapa-conceptual-recursos-tic-para-desarrollar-las-inteligencias-multiples-de-howard-gardner\\\/#mainImage\"},\"datePublished\":\"2011-10-29T08:15:46+01:00\",\"dateModified\":\"2026-06-14T14:43:42+01:00\"},{\"@type\":\"WebSite\",\"@id\":\"https:\\\/\\\/www.totemguard.com\\\/aulatotem\\\/#website\",\"url\":\"https:\\\/\\\/www.totemguard.com\\\/aulatotem\\\/\",\"name\":\"Tecnolog\\u00eda educativa y IA\",\"alternateName\":\"Academy TotemGuard\",\"description\":\"Competencias digitales IA, tecnolog\\u00eda educativa y pedagog\\u00eda para docentes y formadores. La IA al servicio de una ense\\u00f1anza m\\u00e1s efectiva.\",\"inLanguage\":\"es-ES\",\"publisher\":{\"@id\":\"https:\\\/\\\/www.totemguard.com\\\/aulatotem\\\/#person\"}}]}\n\t\t<\/script>\n\t\t<!-- All in One SEO -->\n\n","aioseo_head_json":{"title":"Recursos tic para desarrollar las inteligencias m\u00faltiples de Howard Gardner | Tecnolog\u00eda Educativa e IA","description":"Mapa conceptual que agrupa recursos tic con cada una de las inteligencias m\u00faltiples de Howard Gardner: ling\u00fcistica, matem\u00e1tica, espacial, musical, visual, cin\u00e9tica, interpersonal, intrapersonal y naturalista.","canonical_url":"https:\/\/www.totemguard.com\/aulatotem\/2011\/10\/mapa-conceptual-recursos-tic-para-desarrollar-las-inteligencias-multiples-de-howard-gardner\/","robots":"max-image-preview:large","keywords":"howard gardner,tecnolog\u00eda y inteligencias m\u00faltiples,recursos tic y inteligencias m\u00faltiples","webmasterTools":{"miscellaneous":""},"schema":{"@context":"https:\/\/schema.org","@graph":[{"@type":"BlogPosting","@id":"https:\/\/www.totemguard.com\/aulatotem\/2011\/10\/mapa-conceptual-recursos-tic-para-desarrollar-las-inteligencias-multiples-de-howard-gardner\/#blogposting","name":"Recursos tic para desarrollar las inteligencias m\u00faltiples de Howard Gardner | Tecnolog\u00eda Educativa e IA","headline":"Mapa mental: Recursos tic para desarrollar las inteligencias m\u00faltiples de Howard Gardner","author":{"@id":"https:\/\/www.totemguard.com\/aulatotem\/author\/meritxell-vinas\/#author"},"publisher":{"@id":"https:\/\/www.totemguard.com\/aulatotem\/#person"},"image":{"@type":"ImageObject","url":"https:\/\/www.totemguard.com\/aulatotem\/wp-content\/uploads\/2011\/10\/Depositphotos_5926912_xs.jpg","width":424,"height":283,"caption":"inteligencias m\u00faltiples y recursos tic"},"datePublished":"2011-10-29T08:15:46+01:00","dateModified":"2026-06-14T14:43:42+01:00","inLanguage":"es-ES","commentCount":51,"mainEntityOfPage":{"@id":"https:\/\/www.totemguard.com\/aulatotem\/2011\/10\/mapa-conceptual-recursos-tic-para-desarrollar-las-inteligencias-multiples-de-howard-gardner\/#webpage"},"isPartOf":{"@id":"https:\/\/www.totemguard.com\/aulatotem\/2011\/10\/mapa-conceptual-recursos-tic-para-desarrollar-las-inteligencias-multiples-de-howard-gardner\/#webpage"},"articleSection":"Herramientas Web, Recursos TIC, Redes Sociales"},{"@type":"BreadcrumbList","@id":"https:\/\/www.totemguard.com\/aulatotem\/2011\/10\/mapa-conceptual-recursos-tic-para-desarrollar-las-inteligencias-multiples-de-howard-gardner\/#breadcrumblist","itemListElement":[{"@type":"ListItem","@id":"https:\/\/www.totemguard.com\/aulatotem#listItem","position":1,"name":"Home","item":"https:\/\/www.totemguard.com\/aulatotem","nextItem":{"@type":"ListItem","@id":"https:\/\/www.totemguard.com\/aulatotem\/category\/herramientas-web\/#listItem","name":"Herramientas Web"}},{"@type":"ListItem","@id":"https:\/\/www.totemguard.com\/aulatotem\/category\/herramientas-web\/#listItem","position":2,"name":"Herramientas Web","item":"https:\/\/www.totemguard.com\/aulatotem\/category\/herramientas-web\/","nextItem":{"@type":"ListItem","@id":"https:\/\/www.totemguard.com\/aulatotem\/2011\/10\/mapa-conceptual-recursos-tic-para-desarrollar-las-inteligencias-multiples-de-howard-gardner\/#listItem","name":"Mapa mental: Recursos tic para desarrollar las inteligencias m\u00faltiples de Howard Gardner"},"previousItem":{"@type":"ListItem","@id":"https:\/\/www.totemguard.com\/aulatotem#listItem","name":"Home"}},{"@type":"ListItem","@id":"https:\/\/www.totemguard.com\/aulatotem\/2011\/10\/mapa-conceptual-recursos-tic-para-desarrollar-las-inteligencias-multiples-de-howard-gardner\/#listItem","position":3,"name":"Mapa mental: Recursos tic para desarrollar las inteligencias m\u00faltiples de Howard Gardner","previousItem":{"@type":"ListItem","@id":"https:\/\/www.totemguard.com\/aulatotem\/category\/herramientas-web\/#listItem","name":"Herramientas Web"}}]},{"@type":"Person","@id":"https:\/\/www.totemguard.com\/aulatotem\/#person","name":"Meritxell Vi\u00f1as","image":{"@type":"ImageObject","@id":"https:\/\/www.totemguard.com\/aulatotem\/2011\/10\/mapa-conceptual-recursos-tic-para-desarrollar-las-inteligencias-multiples-de-howard-gardner\/#personImage","url":"https:\/\/secure.gravatar.com\/avatar\/2b983f8c6839332c280a9e339771b549ddffde7b4001872bc34a521d7a8eaef6?s=96&d=mm&r=g","width":96,"height":96,"caption":"Meritxell Vi\u00f1as"},"sameAs":["https:\/\/www.facebook.com\/totemguard\/","https:\/\/twitter.com\/totemguard","https:\/\/instagram.com\/totemguard","https:\/\/www.youtube.com\/@totemguard","https:\/\/www.linkedin.com\/in\/meritxellvinaspinto\/"]},{"@type":"Person","@id":"https:\/\/www.totemguard.com\/aulatotem\/author\/meritxell-vinas\/#author","url":"https:\/\/www.totemguard.com\/aulatotem\/author\/meritxell-vinas\/","name":"Meritxell Vi\u00f1as","image":{"@type":"ImageObject","@id":"https:\/\/www.totemguard.com\/aulatotem\/2011\/10\/mapa-conceptual-recursos-tic-para-desarrollar-las-inteligencias-multiples-de-howard-gardner\/#authorImage","url":"https:\/\/secure.gravatar.com\/avatar\/2b983f8c6839332c280a9e339771b549ddffde7b4001872bc34a521d7a8eaef6?s=96&d=mm&r=g","width":96,"height":96,"caption":"Meritxell Vi\u00f1as"},"sameAs":["https:\/\/www.facebook.com\/totemguard\/","https:\/\/twitter.com\/totemguard","https:\/\/instagram.com\/totemguard","https:\/\/www.youtube.com\/@totemguard","https:\/\/www.linkedin.com\/in\/meritxellvinaspinto\/"]},{"@type":"WebPage","@id":"https:\/\/www.totemguard.com\/aulatotem\/2011\/10\/mapa-conceptual-recursos-tic-para-desarrollar-las-inteligencias-multiples-de-howard-gardner\/#webpage","url":"https:\/\/www.totemguard.com\/aulatotem\/2011\/10\/mapa-conceptual-recursos-tic-para-desarrollar-las-inteligencias-multiples-de-howard-gardner\/","name":"Recursos tic para desarrollar las inteligencias m\u00faltiples de Howard Gardner | Tecnolog\u00eda Educativa e IA","description":"Mapa conceptual que agrupa recursos tic con cada una de las inteligencias m\u00faltiples de Howard Gardner: ling\u00fcistica, matem\u00e1tica, espacial, musical, visual, cin\u00e9tica, interpersonal, intrapersonal y naturalista.","inLanguage":"es-ES","isPartOf":{"@id":"https:\/\/www.totemguard.com\/aulatotem\/#website"},"breadcrumb":{"@id":"https:\/\/www.totemguard.com\/aulatotem\/2011\/10\/mapa-conceptual-recursos-tic-para-desarrollar-las-inteligencias-multiples-de-howard-gardner\/#breadcrumblist"},"author":{"@id":"https:\/\/www.totemguard.com\/aulatotem\/author\/meritxell-vinas\/#author"},"creator":{"@id":"https:\/\/www.totemguard.com\/aulatotem\/author\/meritxell-vinas\/#author"},"image":{"@type":"ImageObject","url":"https:\/\/www.totemguard.com\/aulatotem\/wp-content\/uploads\/2011\/10\/Depositphotos_5926912_xs.jpg","@id":"https:\/\/www.totemguard.com\/aulatotem\/2011\/10\/mapa-conceptual-recursos-tic-para-desarrollar-las-inteligencias-multiples-de-howard-gardner\/#mainImage","width":424,"height":283,"caption":"inteligencias m\u00faltiples y recursos tic"},"primaryImageOfPage":{"@id":"https:\/\/www.totemguard.com\/aulatotem\/2011\/10\/mapa-conceptual-recursos-tic-para-desarrollar-las-inteligencias-multiples-de-howard-gardner\/#mainImage"},"datePublished":"2011-10-29T08:15:46+01:00","dateModified":"2026-06-14T14:43:42+01:00"},{"@type":"WebSite","@id":"https:\/\/www.totemguard.com\/aulatotem\/#website","url":"https:\/\/www.totemguard.com\/aulatotem\/","name":"Tecnolog\u00eda educativa y IA","alternateName":"Academy TotemGuard","description":"Competencias digitales IA, tecnolog\u00eda educativa y pedagog\u00eda para docentes y formadores. La IA al servicio de una ense\u00f1anza m\u00e1s efectiva.","inLanguage":"es-ES","publisher":{"@id":"https:\/\/www.totemguard.com\/aulatotem\/#person"}}]},"og:locale":"es_ES","og:site_name":"Tecnolog\u00eda Educativa e IA","og:type":"article","og:title":"Recursos tic para desarrollar las inteligencias m\u00faltiples de Howard Gardner | Tecnolog\u00eda Educativa e IA","og:description":"Mapa conceptual que agrupa recursos tic con cada una de las inteligencias m\u00faltiples de Howard Gardner: ling\u00fcistica, matem\u00e1tica, espacial, musical, visual, cin\u00e9tica, interpersonal, intrapersonal y naturalista.","og:url":"https:\/\/www.totemguard.com\/aulatotem\/2011\/10\/mapa-conceptual-recursos-tic-para-desarrollar-las-inteligencias-multiples-de-howard-gardner\/","fb:admins":"100000126663369","og:image":"https:\/\/www.totemguard.com\/aulatotem\/wp-content\/uploads\/2011\/10\/Depositphotos_5926912_xs.jpg","og:image:secure_url":"https:\/\/www.totemguard.com\/aulatotem\/wp-content\/uploads\/2011\/10\/Depositphotos_5926912_xs.jpg","og:image:width":424,"og:image:height":283,"article:tag":["howard gardner","tecnolog\u00eda y inteligencias m\u00faltiples","recursos tic y inteligencias m\u00faltiples","herramientas web","recursos tic","redes sociales"],"article:published_time":"2011-10-29T08:15:46+00:00","article:modified_time":"2026-06-14T13:43:42+00:00","article:publisher":"https:\/\/www.facebook.com\/totemguard","article:author":"https:\/\/www.facebook.com\/totemguard\/","twitter:card":"summary_large_image","twitter:site":"@totemguard","twitter:title":"Recursos tic para desarrollar las inteligencias m\u00faltiples de Howard Gardner | Tecnolog\u00eda Educativa e IA","twitter:description":"Mapa conceptual que agrupa recursos tic con cada una de las inteligencias m\u00faltiples de Howard Gardner: ling\u00fcistica, matem\u00e1tica, espacial, musical, visual, cin\u00e9tica, interpersonal, intrapersonal y naturalista.","twitter:creator":"@totemguard","twitter:image":"https:\/\/www.totemguard.com\/aulatotem\/wp-content\/uploads\/2011\/10\/Depositphotos_5926912_xs.jpg"},"aioseo_meta_data":{"post_id":"3849","title":"Recursos tic para desarrollar las inteligencias m\u00faltiples de Howard Gardner | #site_title","description":"Mapa conceptual que agrupa recursos tic con cada una de las inteligencias m\u00faltiples de Howard Gardner: ling\u00fcistica, matem\u00e1tica, espacial, musical, visual, cin\u00e9tica, interpersonal, intrapersonal y naturalista.","keywords":[{"label":"Howard Gardner","value":"Howard Gardner"},{"label":"tecnolog\u00eda y inteligencias m\u00faltiples","value":"tecnolog\u00eda y inteligencias m\u00faltiples"},{"label":"recursos tic y inteligencias m\u00faltiples","value":"recursos tic y inteligencias m\u00faltiples"}],"keyphrases":null,"primary_term":null,"canonical_url":null,"og_title":null,"og_description":null,"og_object_type":"default","og_image_type":"default","og_image_url":null,"og_image_width":null,"og_image_height":null,"og_image_custom_url":null,"og_image_custom_fields":null,"og_video":null,"og_custom_url":null,"og_article_section":null,"og_article_tags":null,"twitter_use_og":false,"twitter_card":"default","twitter_image_type":"default","twitter_image_url":null,"twitter_image_custom_url":null,"twitter_image_custom_fields":null,"twitter_title":null,"twitter_description":null,"schema":{"blockGraphs":[],"customGraphs":[],"default":{"data":{"Article":[],"Course":[],"Dataset":[],"FAQPage":[],"Movie":[],"Person":[],"Product":[],"ProductReview":[],"Car":[],"Recipe":[],"Service":[],"SoftwareApplication":[],"WebPage":[]},"graphName":"","isEnabled":true},"graphs":[]},"schema_type":null,"schema_type_options":null,"pillar_content":false,"robots_default":true,"robots_noindex":false,"robots_noarchive":false,"robots_nosnippet":false,"robots_nofollow":false,"robots_noimageindex":false,"robots_noodp":false,"robots_notranslate":false,"robots_max_snippet":null,"robots_max_videopreview":null,"robots_max_imagepreview":"large","priority":null,"frequency":null,"local_seo":null,"breadcrumb_settings":null,"limit_modified_date":false,"reviewed_by":null,"open_ai":null,"ai":null,"created":"2021-01-11 18:44:09","updated":"2026-06-14 16:59:12","focus_keyword":null,"additional_keywords":null,"truseo_locale":null,"seo_analyzer_scan_date":null},"jetpack_sharing_enabled":true,"jetpack_featured_media_url":"https:\/\/www.totemguard.com\/aulatotem\/wp-content\/uploads\/2011\/10\/Depositphotos_5926912_xs.jpg","_links":{"self":[{"href":"https:\/\/www.totemguard.com\/aulatotem\/wp-json\/wp\/v2\/posts\/3849","targetHints":{"allow":["GET"]}}],"collection":[{"href":"https:\/\/www.totemguard.com\/aulatotem\/wp-json\/wp\/v2\/posts"}],"about":[{"href":"https:\/\/www.totemguard.com\/aulatotem\/wp-json\/wp\/v2\/types\/post"}],"author":[{"embeddable":true,"href":"https:\/\/www.totemguard.com\/aulatotem\/wp-json\/wp\/v2\/users\/2"}],"replies":[{"embeddable":true,"href":"https:\/\/www.totemguard.com\/aulatotem\/wp-json\/wp\/v2\/comments?post=3849"}],"version-history":[{"count":190,"href":"https:\/\/www.totemguard.com\/aulatotem\/wp-json\/wp\/v2\/posts\/3849\/revisions"}],"predecessor-version":[{"id":29950,"href":"https:\/\/www.totemguard.com\/aulatotem\/wp-json\/wp\/v2\/posts\/3849\/revisions\/29950"}],"wp:featuredmedia":[{"embeddable":true,"href":"https:\/\/www.totemguard.com\/aulatotem\/wp-json\/wp\/v2\/media\/13405"}],"wp:attachment":[{"href":"https:\/\/www.totemguard.com\/aulatotem\/wp-json\/wp\/v2\/media?parent=3849"}],"wp:term":[{"taxonomy":"category","embeddable":true,"href":"https:\/\/www.totemguard.com\/aulatotem\/wp-json\/wp\/v2\/categories?post=3849"},{"taxonomy":"post_tag","embeddable":true,"href":"https:\/\/www.totemguard.com\/aulatotem\/wp-json\/wp\/v2\/tags?post=3849"}],"curies":[{"name":"wp","href":"https:\/\/api.w.org\/{rel}","templated":true}]}}