{"id":3534,"date":"2011-10-22T20:11:21","date_gmt":"2011-10-22T20:11:21","guid":{"rendered":"http:\/\/www.totemguard.com\/aulatotem\/?p=3534"},"modified":"2020-02-20T21:41:48","modified_gmt":"2020-02-20T20:41:48","slug":"15-maneras-en-que-las-universidades-espanolas-estan-usando-facebook","status":"publish","type":"post","link":"https:\/\/www.totemguard.com\/aulatotem\/2011\/10\/15-maneras-en-que-las-universidades-espanolas-estan-usando-facebook\/","title":{"rendered":"15 maneras en que las universidades espa\u00f1olas est\u00e1n usando Facebook"},"content":{"rendered":"<p>Cada vez\u00a0m\u00e1s las universidades p\u00fablicas y privadas en Espa\u00f1a apuestan por una presencia en Facebook. En mi investigaci\u00f3n\u00a0he observado que la mayor\u00eda tienen una p\u00e1gina oficial, aunque <strong>s\u00ed var\u00eda el grado de interacci\u00f3n que cada p\u00e1gina consigue con sus fans<\/strong> (estudiantes, docentes, personal del centro, acad\u00e9micos, padres, etc).<\/p>\n<p><img loading=\"lazy\" decoding=\"async\" class=\"alignleft size-full wp-image-3795\" title=\"universitat valencia\" src=\"https:\/\/www.totemguard.com\/aulatotem\/wp-content\/uploads\/2011\/10\/universitat-valencia.jpg\" alt=\"\" width=\"144\" height=\"166\" \/><br \/>El grado de conversaci\u00f3n e interacci\u00f3n que genera una p\u00e1gina y por tanto su \u00e9xito puede medirse por el \u00abn\u00famero de personas que est\u00e1n hablando de esto\u00bb dividido por el \u00abn\u00famero de personas que les gusta esto\u00bb, cifras p\u00fablicas que se encuentran en todas las p\u00e1ginas de Facebook. \u00a0Adem\u00e1s si navegas por el muro de esta sus universidades puedes ver las que publican con frecuencia y cu\u00e1les lo hacen puntualmente.<\/p>\n<p>Si tu centro educativo duda sobre si tener presencia en Facebook o no, conoce los principales usos que le dan las universidades en Espa\u00f1a y decidid:<\/p>\n<h3><strong>1. Promocionar su oferta de estudios<\/strong><\/h3>\n<p><span style=\"color: #000000;\">La <a href=\"https:\/\/www.facebook.com\/pablodeolavide?sk=app_7146470109\" target=\"_blank\" rel=\"noopener noreferrer\">Universidad<\/a><\/span><a href=\"https:\/\/www.facebook.com\/pablodeolavide?sk=app_7146470109\" target=\"_blank\" rel=\"noopener noreferrer\"> Pablo de Olavide<\/a> ha a\u00f1adido una pesta\u00f1a en su p\u00e1gina dedicado a la oferta de todos los grados que ofrece para atraer a\u00a0 futuros estudiantes e informar a los actuales de posibles titulaciones y postgrados adicionales.<\/p>\n<p><img loading=\"lazy\" decoding=\"async\" class=\"aligncenter size-full wp-image-3535\" title=\"Universidad_pablo_de_Olavide\" src=\"https:\/\/www.totemguard.com\/aulatotem\/wp-content\/uploads\/2011\/10\/Universidad_pablo_de_Olavide.jpg\" alt=\"\" width=\"614\" height=\"543\" srcset=\"https:\/\/www.totemguard.com\/aulatotem\/wp-content\/uploads\/2011\/10\/Universidad_pablo_de_Olavide.jpg 633w, https:\/\/www.totemguard.com\/aulatotem\/wp-content\/uploads\/2011\/10\/Universidad_pablo_de_Olavide-300x265.jpg 300w\" sizes=\"auto, (max-width: 614px) 100vw, 614px\" \/><\/p>\n<p>La <a href=\"https:\/\/www.facebook.com\/UPolitecnicaValencia?ref=ts\" target=\"_blank\" rel=\"noopener noreferrer\">Universidad Polit\u00e9cnica de Valencia<\/a> a\u00f1ade un video para hacer la presentaci\u00f3n de su oferta multimedia.<\/p>\n<p><img loading=\"lazy\" decoding=\"async\" class=\"aligncenter size-full wp-image-3614\" title=\"universidad politecnica valencia\" src=\"https:\/\/www.totemguard.com\/aulatotem\/wp-content\/uploads\/2011\/10\/universidad-politecnica-valencia1.jpg\" alt=\"\" width=\"615\" height=\"630\" srcset=\"https:\/\/www.totemguard.com\/aulatotem\/wp-content\/uploads\/2011\/10\/universidad-politecnica-valencia1.jpg 634w, https:\/\/www.totemguard.com\/aulatotem\/wp-content\/uploads\/2011\/10\/universidad-politecnica-valencia1-292x300.jpg 292w\" sizes=\"auto, (max-width: 615px) 100vw, 615px\" \/><\/p>\n<h3><span style=\"color: #333399;\"><strong>2.<\/strong><\/span><strong> Ofrecer un viaje virtual por el Campus<\/strong><\/h3>\n<p>La IE Universidad presenta un <a href=\"http:\/\/www.ie.edu\/university\/student-life\/virtual-tour\" target=\"_blank\" rel=\"noopener noreferrer\">tour virtual del hist\u00f3rico<\/a> campus situado en la preciosa ciudad de Segovia.<\/p>\n<p><img loading=\"lazy\" decoding=\"async\" class=\"aligncenter size-full wp-image-3567\" title=\"IE University_Facebook\" src=\"https:\/\/www.totemguard.com\/aulatotem\/wp-content\/uploads\/2011\/10\/IE-University_Facebook.jpg\" alt=\"\" width=\"617\" height=\"539\" srcset=\"https:\/\/www.totemguard.com\/aulatotem\/wp-content\/uploads\/2011\/10\/IE-University_Facebook.jpg 649w, https:\/\/www.totemguard.com\/aulatotem\/wp-content\/uploads\/2011\/10\/IE-University_Facebook-300x262.jpg 300w\" sizes=\"auto, (max-width: 617px) 100vw, 617px\" \/><\/p>\n<p><img loading=\"lazy\" decoding=\"async\" class=\"aligncenter size-full wp-image-3570\" title=\"IE Univeristy_Segovia\" src=\"https:\/\/www.totemguard.com\/aulatotem\/wp-content\/uploads\/2011\/10\/IE-Univeristy_Segovia.png\" alt=\"\" width=\"540\" height=\"367\" \/><\/p>\n<h3><strong>3. Pedir apoyo por una causa<\/strong><\/h3>\n<p>La <a href=\"https:\/\/www.facebook.com\/universidaddesalamanca?sk=app_7146470109\" target=\"_blank\" rel=\"noopener noreferrer\">Universidad de Salamanca <\/a>crea una pesta\u00f1a dedicada para que sus visitantes se sumen a la iniciativa de apoyar la candidatura de la Fundaci\u00f3n Vicente Ferrer para el Premio Nobel de la Paz<\/p>\n<p><img loading=\"lazy\" decoding=\"async\" class=\"aligncenter size-full wp-image-3541\" title=\"universidad de salamanca\" src=\"https:\/\/www.totemguard.com\/aulatotem\/wp-content\/uploads\/2011\/10\/universidad-de-salamanca1.jpg\" alt=\"\" width=\"615\" height=\"622\" srcset=\"https:\/\/www.totemguard.com\/aulatotem\/wp-content\/uploads\/2011\/10\/universidad-de-salamanca1.jpg 646w, https:\/\/www.totemguard.com\/aulatotem\/wp-content\/uploads\/2011\/10\/universidad-de-salamanca1-296x300.jpg 296w\" sizes=\"auto, (max-width: 615px) 100vw, 615px\" \/><\/p>\n<h3><strong>4. Buscar libros en su biblioteca<\/strong><\/h3>\n<p>La <a href=\"https:\/\/www.facebook.com\/biblioteca.UC3M?sk=app_7146470109\" target=\"_blank\" rel=\"noopener noreferrer\">Biblioteca de Universidad Carlos III de Madrid<\/a> tiene su propia p\u00e1gina dedicada\u00a0 en donde se pueden hacer b\u00fasquedas desde Facebook de los libros y publicaciones disponibles en su cat\u00e1logo online.<\/p>\n<p><img loading=\"lazy\" decoding=\"async\" class=\"aligncenter size-full wp-image-3601\" title=\"Universidad Carlos III_catalogo\" src=\"https:\/\/www.totemguard.com\/aulatotem\/wp-content\/uploads\/2011\/10\/Universidad-Carlos-III_catalogo.jpg\" alt=\"\" width=\"615\" height=\"520\" srcset=\"https:\/\/www.totemguard.com\/aulatotem\/wp-content\/uploads\/2011\/10\/Universidad-Carlos-III_catalogo.jpg 655w, https:\/\/www.totemguard.com\/aulatotem\/wp-content\/uploads\/2011\/10\/Universidad-Carlos-III_catalogo-300x253.jpg 300w\" sizes=\"auto, (max-width: 615px) 100vw, 615px\" \/><\/p>\n<h3><strong>5. Lanzar un reto de Trivial.<\/strong><\/h3>\n<p>La <a href=\"https:\/\/www.facebook.com\/ieuniversity?sk=app_10531514314\" target=\"_blank\" rel=\"noopener noreferrer\">IE University<\/a> cre\u00f3 una aplicaci\u00f3n para Facebook denominada <a href=\"http:\/\/www.facebook.com\/apps\/application.php?id=110590232317959\" target=\"_blank\" rel=\"noopener noreferrer\">\u201cTrivia Challenge\u201d<\/a> que permite a los usuarios medir sus conocimientos sobre Biolog\u00eda, Arquitectura, Comunicaci\u00f3n, Derecho, Historia del Arte, Psicolog\u00eda y el Turismo.<\/p>\n<p>El objetivo es que el p\u00fablico joven, que ya se encuentra en Facebook, se acerque de una manera l\u00fadica a las asignaturas\u00a0 que se ofrecen en el campus.<\/p>\n<p>El trivial est\u00e1 estructurado en cuatro niveles, cada uno ellos equivalente a un a\u00f1o de carrera universitaria; y cada nivel consta de ocho preguntas relacionadas con los grados que se imparten en IE University. El juego consiste en contestar correctamente al m\u00e1ximo n\u00famero de preguntas para conseguir la puntuaci\u00f3n m\u00e1s alta, y as\u00ed entrar en un ranking de los \u201cm\u00e1s sabios\u201d.<\/p>\n<p><img loading=\"lazy\" decoding=\"async\" class=\"aligncenter size-full wp-image-3585\" title=\"IE University_trivial\" src=\"https:\/\/www.totemguard.com\/aulatotem\/wp-content\/uploads\/2011\/10\/IE-University_trivial.jpg\" alt=\"\" width=\"614\" height=\"546\" srcset=\"https:\/\/www.totemguard.com\/aulatotem\/wp-content\/uploads\/2011\/10\/IE-University_trivial.jpg 648w, https:\/\/www.totemguard.com\/aulatotem\/wp-content\/uploads\/2011\/10\/IE-University_trivial-300x267.jpg 300w\" sizes=\"auto, (max-width: 614px) 100vw, 614px\" \/><br \/><span style=\"color: #800000;\"><strong>Nota<\/strong><\/span>: La aplicaci\u00f3n no soporta la navegaci\u00f3n segura (HTTPS) por lo que Facebook no deja su acceso a ella desde que introdujo este requisito a todas las aplicaciones de p\u00e1ginas que tienen su propio host. Todo y as\u00ed la he incluido por su originalidad. Otras universidades podr\u00edan adaptar esta idea si se est\u00e1n planteando una mayor presencia en Facebook.<\/p>\n<h3><strong>6. Informar sobre un evento<\/strong><\/h3>\n<p>La Facultad de CC. Econ\u00f3micas y Empresariales de la <a href=\"https:\/\/www.facebook.com\/event.php?eid=299350600079947\" target=\"_blank\" rel=\"noopener noreferrer\">Universidad Complutense de Madrid<\/a> invita a trav\u00e9s de Facebook a participar en un concurso fotogr\u00e1fico con m\u00f3vil.<\/p>\n<p><img loading=\"lazy\" decoding=\"async\" class=\"aligncenter size-full wp-image-3544\" title=\"Universidad Complutense de Madrid\" src=\"https:\/\/www.totemguard.com\/aulatotem\/wp-content\/uploads\/2011\/10\/Universidad-Complutense-de-Madrid.jpg\" alt=\"\" width=\"615\" height=\"554\" srcset=\"https:\/\/www.totemguard.com\/aulatotem\/wp-content\/uploads\/2011\/10\/Universidad-Complutense-de-Madrid.jpg 655w, https:\/\/www.totemguard.com\/aulatotem\/wp-content\/uploads\/2011\/10\/Universidad-Complutense-de-Madrid-300x269.jpg 300w\" sizes=\"auto, (max-width: 615px) 100vw, 615px\" \/><\/p>\n<p>El <a href=\"https:\/\/www.facebook.com\/auladelasartes.uc3m?sk=app_79458893817\" target=\"_blank\" rel=\"noopener noreferrer\">Aula de las Artes de la Universidad Carlos III de Madrid<\/a> tambi\u00e9n promociona su espect\u00e1culo de danza en el auditorio, regalando 4 entradas a trav\u00e9s de un concurso en el cual debe responderse una pregunta.<\/p>\n<h3><strong>7. Informar sobre las competiciones y triunfos del Servicio de Deportes<\/strong><\/h3>\n<p>La <a href=\"https:\/\/www.facebook.com\/urlesports?sk=wall\" target=\"_blank\" rel=\"noopener noreferrer\">Universitat Ram\u00f3n Llull<\/a>, al igual que muchas universidades estadounidenses, tiene una p\u00e1gina de Facebook que utiliza para informar y posibilitar a la Comunidad Universitaria a disfrutar del deporte a todos los niveles: competiciones, resultados, historias de otros deportistas que inspiran, etc.<\/p>\n<p><img loading=\"lazy\" decoding=\"async\" class=\"aligncenter size-full wp-image-3558\" title=\"Universitat Ramon Llull\" src=\"https:\/\/www.totemguard.com\/aulatotem\/wp-content\/uploads\/2011\/10\/Universitat-Ramon-Llull.jpg\" alt=\"\" width=\"615\" height=\"623\" srcset=\"https:\/\/www.totemguard.com\/aulatotem\/wp-content\/uploads\/2011\/10\/Universitat-Ramon-Llull.jpg 658w, https:\/\/www.totemguard.com\/aulatotem\/wp-content\/uploads\/2011\/10\/Universitat-Ramon-Llull-295x300.jpg 295w\" sizes=\"auto, (max-width: 615px) 100vw, 615px\" \/><\/p>\n<h3><strong>8. <\/strong><strong>Solicitar informaci\u00f3n sobre la oferta acad\u00e9mica y procesos de admisi\u00f3n<\/strong><span style=\"color: #333399;\"><strong><br \/><\/strong><\/span><\/h3>\n<p>La <a href=\"https:\/\/www.facebook.com\/Universidadeuropeademadrid?sk=app_10442206389\" target=\"_blank\" rel=\"noopener noreferrer\">Universidad Europea de Madrid<\/a> (UEM) incluye un formulario completo dentro de su misma p\u00e1gina de Facebook para poder solicitar y recibir v\u00eda email informaci\u00f3n sobre la oferta acad\u00e9mica en la que se est\u00e1 interesado.<\/p>\n<p><img loading=\"lazy\" decoding=\"async\" class=\"aligncenter size-full wp-image-3548\" title=\"universidad_europea de_madrid\" src=\"https:\/\/www.totemguard.com\/aulatotem\/wp-content\/uploads\/2011\/10\/universidad_europea-de_madrid.jpg\" alt=\"\" width=\"615\" height=\"658\" srcset=\"https:\/\/www.totemguard.com\/aulatotem\/wp-content\/uploads\/2011\/10\/universidad_europea-de_madrid.jpg 650w, https:\/\/www.totemguard.com\/aulatotem\/wp-content\/uploads\/2011\/10\/universidad_europea-de_madrid-280x300.jpg 280w\" sizes=\"auto, (max-width: 615px) 100vw, 615px\" \/><\/p>\n<h3><strong>9. Llevar a cabo encuestas<\/strong><\/h3>\n<p>El <a href=\"https:\/\/www.facebook.com\/auladelasartes.uc3m?sk=app_163177517067273\" target=\"_blank\" rel=\"noopener noreferrer\">Aula de las Artes de la Universidad Carlos III de Madrid<\/a> realiza una encuesta sobre las distintas actividades que se han llevado en su Auditorio para conocer su popularidad.<\/p>\n<p><img loading=\"lazy\" decoding=\"async\" class=\"aligncenter size-full wp-image-3593\" title=\"Universidad Carlos III de Madrid_encuesta\" src=\"https:\/\/www.totemguard.com\/aulatotem\/wp-content\/uploads\/2011\/10\/Universidad-Carlos-III-de-Madrid_encuesta.jpg\" alt=\"\" width=\"616\" height=\"670\" srcset=\"https:\/\/www.totemguard.com\/aulatotem\/wp-content\/uploads\/2011\/10\/Universidad-Carlos-III-de-Madrid_encuesta.jpg 642w, https:\/\/www.totemguard.com\/aulatotem\/wp-content\/uploads\/2011\/10\/Universidad-Carlos-III-de-Madrid_encuesta-275x300.jpg 275w\" sizes=\"auto, (max-width: 616px) 100vw, 616px\" \/><\/p>\n<h3><strong>10. Formular preguntas a sus estudiantes<\/strong><\/h3>\n<p>La <a href=\"https:\/\/www.facebook.com\/udc.gal?sk=questions\" target=\"_blank\" rel=\"noopener noreferrer\">Universidade da Coru\u00f1a<\/a> pregunta a sus estudiantes sobre lo que quieren hacer cuando acaben la carrera. Otra manera interesante de conectar con su comunidad de estudiantes e identificar oportunidades potenciales para futuras carreras o postgrados.<\/p>\n<h3><strong>11. Publicar una gu\u00eda de bienvenida al campus para nuevos estudiantes.<\/strong><\/h3>\n<p>La <a href=\"https:\/\/www.facebook.com\/Universidadeuropeademadrid?sk=app_208417429172371\" target=\"_blank\" rel=\"noopener noreferrer\">Universidad Europea de Madrid (UEM)<\/a> presenta dentro de la propia p\u00e1gina de su Facebook una gu\u00eda de bienvenida para los nuevos estudiantes (en formato pdf) que no hace falta descargar para leer. En ella el nuevo estudiante tiene toda la informaci\u00f3n necesaria como la petici\u00f3n de becas, documentaci\u00f3n acad\u00e9mica a presentar, carnet universitario, etc.<\/p>\n<p><img loading=\"lazy\" decoding=\"async\" class=\"aligncenter size-full wp-image-3552\" title=\"universidad europea de Madrid\" src=\"https:\/\/www.totemguard.com\/aulatotem\/wp-content\/uploads\/2011\/10\/universidad-europea-de-Madrid.jpg\" alt=\"\" width=\"615\" height=\"644\" srcset=\"https:\/\/www.totemguard.com\/aulatotem\/wp-content\/uploads\/2011\/10\/universidad-europea-de-Madrid.jpg 658w, https:\/\/www.totemguard.com\/aulatotem\/wp-content\/uploads\/2011\/10\/universidad-europea-de-Madrid-286x300.jpg 286w\" sizes=\"auto, (max-width: 615px) 100vw, 615px\" \/><\/p>\n<h3><strong>12. Publicar las noticias del blog de la Universidad<\/strong><\/h3>\n<p>La <a href=\"https:\/\/www.facebook.com\/fundacionceu?sk=app_9953271133\" target=\"_blank\" rel=\"noopener noreferrer\">Fundaci\u00f3n Universitaria San Pablo CEU<\/a> aprovecha para difundir el contenido de su blog a trav\u00e9s de una aplicaci\u00f3n que publica autom\u00e1ticamente en Facebook cualquier entrada a su blog.<\/p>\n<p><img loading=\"lazy\" decoding=\"async\" class=\"aligncenter size-full wp-image-3589\" title=\"Funaci\u00f3 Universitaria San Pablo CEU\" src=\"https:\/\/www.totemguard.com\/aulatotem\/wp-content\/uploads\/2011\/10\/Funaci%C3%B3-Universitaria-San-Pablo-CEU.jpg\" alt=\"\" width=\"615\" height=\"494\" \/><\/p>\n<h3><strong>13. Publicar una galer\u00eda fotogr\u00e1fica sobre evento<\/strong><\/h3>\n<p>La <a href=\"https:\/\/www.facebook.com\/UDeusto?sk=app_108554845883\" target=\"_blank\" rel=\"noopener noreferrer\">Universidad de Deusto<\/a> cumple este a\u00f1o 125 a\u00f1os y para celebrarlo, ha presentado la exposici\u00f3n Deusto 125 a\u00f1os que quiere poner de relieve algunos aspectos de la historia del centro. En Facebook se apoya de una vitrina de im\u00e1genes para visualizar parte de la exposici\u00f3n.<\/p>\n<p><img loading=\"lazy\" decoding=\"async\" class=\"aligncenter size-full wp-image-3562\" title=\"universidad Deusto\" src=\"https:\/\/www.totemguard.com\/aulatotem\/wp-content\/uploads\/2011\/10\/universidad-Deusto.jpg\" alt=\"\" width=\"615\" height=\"567\" srcset=\"https:\/\/www.totemguard.com\/aulatotem\/wp-content\/uploads\/2011\/10\/universidad-Deusto.jpg 646w, https:\/\/www.totemguard.com\/aulatotem\/wp-content\/uploads\/2011\/10\/universidad-Deusto-300x276.jpg 300w\" sizes=\"auto, (max-width: 615px) 100vw, 615px\" \/><\/p>\n<h3><strong>14. Crear una red social de conocimiento<\/strong><\/h3>\n<p>La <a href=\"https:\/\/www.facebook.com\/uimp20?sk=wall\" target=\"_blank\" rel=\"noopener noreferrer\">Universidad Internacional Men\u00e9ndez Pelayo<\/a> crea en Facebook el UIMP 2.0, un proyecto educativo desde el que se pretende dar a conocer toda la actividad acad\u00e9mica y cultural de la Universidad, con debates, cursos, grupos de trabajo, etc. Esta red social invita a alumnos, docentes, ponentes, personal de administraci\u00f3n o cualquier persona con ganas de colaborar a unirse a trav\u00e9s de su portal: <a href=\"http:\/\/www.uimp20.es\/\" target=\"_blank\" rel=\"nofollow noopener noreferrer\">http:\/\/www.uimp20.es\/<\/a>.<\/p>\n<h3><img loading=\"lazy\" decoding=\"async\" class=\"aligncenter size-full wp-image-3732\" title=\"UIMP2.0\" src=\"https:\/\/www.totemguard.com\/aulatotem\/wp-content\/uploads\/2011\/10\/UIMP2.0.jpg\" alt=\"\" width=\"615\" height=\"493\" srcset=\"https:\/\/www.totemguard.com\/aulatotem\/wp-content\/uploads\/2011\/10\/UIMP2.0.jpg 615w, https:\/\/www.totemguard.com\/aulatotem\/wp-content\/uploads\/2011\/10\/UIMP2.0-300x240.jpg 300w\" sizes=\"auto, (max-width: 615px) 100vw, 615px\" \/><br \/><strong>15. Compartir informaci\u00f3n entre facultades o departamentos.<\/strong><\/h3>\n<p><a href=\"https:\/\/www.facebook.com\/EADABS?sk=wall\" target=\"_blank\" rel=\"noopener noreferrer\">EADA<\/a> presenta una p\u00e1gina\u00a0 para cada uno de sus programas de estudios superiores: <a href=\"https:\/\/www.facebook.com\/eadamba\" target=\"_blank\" rel=\"noopener noreferrer\">MBA EADA<\/a>,<span style=\"color: #000000;\"> <a href=\"https:\/\/www.facebook.com\/eadaspecializedmasters\" target=\"_blank\" rel=\"noopener noreferrer\"><span style=\"color: #000000;\"><span style=\"color: #333399;\">International &amp; <\/span><span style=\"color: #333399;\">Specialized Masters EADA<\/span><\/span><\/a><\/span><span style=\"color: #333399;\">, <a href=\"https:\/\/www.facebook.com\/pages\/EADA-Executive-Education\/303020975707\" target=\"_blank\" rel=\"noopener noreferrer\">EADA Executive Education<\/a> <span style=\"color: #000000;\">de forma que el estudiante puede recibir informaci\u00f3n especializada seg\u00fan su inter\u00e9s y las distintas secciones pueden compartir informaci\u00f3n.<\/span><\/span><\/p>\n<p><img loading=\"lazy\" decoding=\"async\" class=\"aligncenter size-full wp-image-3739\" title=\"eada\" src=\"https:\/\/www.totemguard.com\/aulatotem\/wp-content\/uploads\/2011\/10\/eada.jpg\" alt=\"\" width=\"615\" height=\"459\" \/><\/p>\n<h3><strong>16. Utilizar anuncios en Facebook para atraer a futuros estudiantes\u00a0<\/strong><\/h3>\n<p>El <a href=\"https:\/\/www.facebook.com\/iedmadrid?sk=app_206596729356549\" target=\"_blank\" rel=\"noopener noreferrer\">Instituto Europeo di Design (IED)<\/a> en Madrid ha aprovechado el potencial de Facebook desde su apertura en 1994, llevando a cabo anuncios publicitarios. Su objetivo ha sido aumentar su reputaci\u00f3n internacional y aumentar el n\u00famero de matr\u00edculas.<\/p>\n<p>Su \u00e9xito es evidente al haber aumentado el n\u00famero de alumnos en un 157% en tres a\u00f1os y ahora disfruta de una comunidad activa de m\u00e1s de 64.000 fans.\u00a0<\/p>\n<p><img loading=\"lazy\" decoding=\"async\" class=\"aligncenter size-full wp-image-4565\" title=\"IED_Madrid\" src=\"https:\/\/www.totemguard.com\/aulatotem\/wp-content\/uploads\/2011\/10\/IED_Madrid.jpg\" alt=\"\" width=\"601\" height=\"525\" srcset=\"https:\/\/www.totemguard.com\/aulatotem\/wp-content\/uploads\/2011\/10\/IED_Madrid.jpg 742w, https:\/\/www.totemguard.com\/aulatotem\/wp-content\/uploads\/2011\/10\/IED_Madrid-300x261.jpg 300w\" sizes=\"auto, (max-width: 601px) 100vw, 601px\" \/><\/p>\n<p>Aqu\u00ed puedes ver algunos ejemplos de los anuncios que se realizan y leer la <a href=\"http:\/\/ads.ak.facebook.com\/ads\/FacebookAds\/FB_CS32_IED_Madrid.pdf\" target=\"_blank\" rel=\"noopener noreferrer\">experiencia de Fernando Garc\u00eda<\/a>, responsable de m\u00e1rqueting con esta iniciativa que empez\u00f3 en 2008.<img loading=\"lazy\" decoding=\"async\" class=\"aligncenter size-full wp-image-4566\" title=\"IEDmadrid_publicidad\" src=\"https:\/\/www.totemguard.com\/aulatotem\/wp-content\/uploads\/2011\/10\/IEDmadrid_publicidad.jpg\" alt=\"\" width=\"320\" height=\"422\" srcset=\"https:\/\/www.totemguard.com\/aulatotem\/wp-content\/uploads\/2011\/10\/IEDmadrid_publicidad.jpg 320w, https:\/\/www.totemguard.com\/aulatotem\/wp-content\/uploads\/2011\/10\/IEDmadrid_publicidad-227x300.jpg 227w\" sizes=\"auto, (max-width: 320px) 100vw, 320px\" \/><\/p>\n\n\n<div style=\"height:20px\" aria-hidden=\"true\" class=\"wp-block-spacer\"><\/div>\n\n\n\n<p><strong>\u00bf<\/strong>Qu\u00e9 piensas? \u00bfTodos los centros educativos o de formaci\u00f3n deber\u00edan tener una p\u00e1gina en Facebook para dar a conocer su oferta e<strong> <\/strong>interactuar con su comunidad educativa?<\/p>\n\n\n\n<div style=\"height:20px\" aria-hidden=\"true\" class=\"wp-block-spacer\"><\/div>\n","protected":false},"excerpt":{"rendered":"<p>Cada vez\u00a0m\u00e1s las universidades p\u00fablicas y privadas en Espa\u00f1a apuestan por una presencia en Facebook. En mi investigaci\u00f3n\u00a0he observado que la mayor\u00eda tienen una p\u00e1gina oficial, aunque s\u00ed var\u00eda el grado de interacci\u00f3n que cada p\u00e1gina consigue con sus fans (estudiantes, docentes, personal del centro, acad\u00e9micos, padres, etc). El grado de conversaci\u00f3n e interacci\u00f3n que [&hellip;]<\/p>\n","protected":false},"author":2,"featured_media":0,"comment_status":"open","ping_status":"open","sticky":false,"template":"","format":"standard","meta":{"jetpack_post_was_ever_published":false,"_jetpack_newsletter_access":"","_jetpack_dont_email_post_to_subs":false,"_jetpack_newsletter_tier_id":0,"_jetpack_memberships_contains_paywalled_content":false,"_jetpack_memberships_contains_paid_content":false,"footnotes":""},"categories":[21,19],"tags":[],"class_list":["post-3534","post","type-post","status-publish","format-standard","hentry","category-tecnologia","category-redes-sociales"],"aioseo_notices":[],"jetpack_featured_media_url":"","jetpack_sharing_enabled":true,"_links":{"self":[{"href":"https:\/\/www.totemguard.com\/aulatotem\/wp-json\/wp\/v2\/posts\/3534","targetHints":{"allow":["GET"]}}],"collection":[{"href":"https:\/\/www.totemguard.com\/aulatotem\/wp-json\/wp\/v2\/posts"}],"about":[{"href":"https:\/\/www.totemguard.com\/aulatotem\/wp-json\/wp\/v2\/types\/post"}],"author":[{"embeddable":true,"href":"https:\/\/www.totemguard.com\/aulatotem\/wp-json\/wp\/v2\/users\/2"}],"replies":[{"embeddable":true,"href":"https:\/\/www.totemguard.com\/aulatotem\/wp-json\/wp\/v2\/comments?post=3534"}],"version-history":[{"count":234,"href":"https:\/\/www.totemguard.com\/aulatotem\/wp-json\/wp\/v2\/posts\/3534\/revisions"}],"predecessor-version":[{"id":21528,"href":"https:\/\/www.totemguard.com\/aulatotem\/wp-json\/wp\/v2\/posts\/3534\/revisions\/21528"}],"wp:attachment":[{"href":"https:\/\/www.totemguard.com\/aulatotem\/wp-json\/wp\/v2\/media?parent=3534"}],"wp:term":[{"taxonomy":"category","embeddable":true,"href":"https:\/\/www.totemguard.com\/aulatotem\/wp-json\/wp\/v2\/categories?post=3534"},{"taxonomy":"post_tag","embeddable":true,"href":"https:\/\/www.totemguard.com\/aulatotem\/wp-json\/wp\/v2\/tags?post=3534"}],"curies":[{"name":"wp","href":"https:\/\/api.w.org\/{rel}","templated":true}]}}