{"id":1923,"date":"2011-07-22T13:52:34","date_gmt":"2011-07-22T13:52:34","guid":{"rendered":"http:\/\/www.totemguard.com\/aulatotem\/?p=1923"},"modified":"2020-02-15T10:33:02","modified_gmt":"2020-02-15T09:33:02","slug":"que-es-y-como-usar-un-software-de-gestion-y-control-de-aula-tic","status":"publish","type":"post","link":"https:\/\/www.totemguard.com\/aulatotem\/2011\/07\/que-es-y-como-usar-un-software-de-gestion-y-control-de-aula-tic\/","title":{"rendered":"Qu\u00e9 es y c\u00f3mo usar un software de gesti\u00f3n y control de aula TIC"},"content":{"rendered":"<p>Esta ma\u00f1ana estuvimos invitados a la XIX Jornada de ASEPUMA en la Facultad de Econom\u00eda de la Universidad de Valencia, como ya anunci\u00e1bamos en un post anterior. Hemos hablado de qu\u00e9 es un software de gesti\u00f3n y control de aula, c\u00f3mo usarlo y por qu\u00e9 utilizarlo.<\/p>\n<p>Para los que no hay\u00e1is podido atender, pod\u00e9is ver nuestra presentaci\u00f3n, un tanto diferente, que esperamos os arranque una sonrisa o dos.<\/p>\n\n\n<figure class=\"wp-block-embed-slideshare wp-block-embed is-type-rich is-provider-slideshare wp-embed-aspect-1-1 wp-has-aspect-ratio\"><div class=\"wp-block-embed__wrapper\">\n<iframe loading=\"lazy\" title=\"Qu\u00e9 es y c\u00f3mo usar un software de gesti\u00f3n de aula\" src=\"https:\/\/www.slideshare.net\/slideshow\/embed_code\/key\/jcmrvMbmaQbJB7\" width=\"427\" height=\"356\" frameborder=\"0\" marginwidth=\"0\" marginheight=\"0\" scrolling=\"no\" style=\"border:1px solid #CCC; border-width:1px; margin-bottom:5px; max-width: 100%;\" allowfullscreen> <\/iframe> <div style=\"margin-bottom:5px\"> <strong> <a href=\"https:\/\/es.slideshare.net\/slideshow\/qu-es-y-cmo-usar-un-software-de-gestin-de-aula-120711-8663050\/8663050\" title=\"Qu\u00e9 es y c\u00f3mo usar un software de gesti\u00f3n de aula\" target=\"_blank\">Qu\u00e9 es y c\u00f3mo usar un software de gesti\u00f3n de aula<\/a> <\/strong> from <strong><a href=\"https:\/\/www.slideshare.net\/MERITXELLVP\" target=\"_blank\">TotemGuard<\/a><\/strong> <\/div>\n<\/div><\/figure>\n\n\n\n<div style=\"height:20px\" aria-hidden=\"true\" class=\"wp-block-spacer\"><\/div>\n","protected":false},"excerpt":{"rendered":"<p>Esta ma\u00f1ana estuvimos invitados a la XIX Jornada de ASEPUMA en la Facultad de Econom\u00eda de la Universidad de Valencia, como ya anunci\u00e1bamos en un post anterior. Hemos hablado de qu\u00e9 es un software de gesti\u00f3n y control de aula, c\u00f3mo usarlo y por qu\u00e9 utilizarlo. Para los que no hay\u00e1is podido atender, pod\u00e9is ver [&hellip;]<\/p>\n","protected":false},"author":2,"featured_media":0,"comment_status":"open","ping_status":"open","sticky":false,"template":"","format":"standard","meta":{"jetpack_post_was_ever_published":false,"_jetpack_newsletter_access":"","_jetpack_dont_email_post_to_subs":false,"_jetpack_newsletter_tier_id":0,"_jetpack_memberships_contains_paywalled_content":false,"_jetpack_memberships_contains_paid_content":false,"footnotes":""},"categories":[6,12,21],"tags":[],"class_list":["post-1923","post","type-post","status-publish","format-standard","hentry","category-control-de-aula","category-gestion-y-control-de-aula","category-tecnologia"],"aioseo_notices":[],"jetpack_featured_media_url":"","jetpack_sharing_enabled":true,"_links":{"self":[{"href":"https:\/\/www.totemguard.com\/aulatotem\/wp-json\/wp\/v2\/posts\/1923","targetHints":{"allow":["GET"]}}],"collection":[{"href":"https:\/\/www.totemguard.com\/aulatotem\/wp-json\/wp\/v2\/posts"}],"about":[{"href":"https:\/\/www.totemguard.com\/aulatotem\/wp-json\/wp\/v2\/types\/post"}],"author":[{"embeddable":true,"href":"https:\/\/www.totemguard.com\/aulatotem\/wp-json\/wp\/v2\/users\/2"}],"replies":[{"embeddable":true,"href":"https:\/\/www.totemguard.com\/aulatotem\/wp-json\/wp\/v2\/comments?post=1923"}],"version-history":[{"count":8,"href":"https:\/\/www.totemguard.com\/aulatotem\/wp-json\/wp\/v2\/posts\/1923\/revisions"}],"predecessor-version":[{"id":21126,"href":"https:\/\/www.totemguard.com\/aulatotem\/wp-json\/wp\/v2\/posts\/1923\/revisions\/21126"}],"wp:attachment":[{"href":"https:\/\/www.totemguard.com\/aulatotem\/wp-json\/wp\/v2\/media?parent=1923"}],"wp:term":[{"taxonomy":"category","embeddable":true,"href":"https:\/\/www.totemguard.com\/aulatotem\/wp-json\/wp\/v2\/categories?post=1923"},{"taxonomy":"post_tag","embeddable":true,"href":"https:\/\/www.totemguard.com\/aulatotem\/wp-json\/wp\/v2\/tags?post=1923"}],"curies":[{"name":"wp","href":"https:\/\/api.w.org\/{rel}","templated":true}]}}